{"id":1671,"date":"2026-05-02T18:46:43","date_gmt":"2026-05-02T18:46:43","guid":{"rendered":"https:\/\/www.sambiladesportivo.online\/?p=1671"},"modified":"2026-05-02T18:46:58","modified_gmt":"2026-05-02T18:46:58","slug":"hoje-e-o-ultimo-dia-para-se-candidatar-bolsas-de-estudo-na-africa-do-sul-com-tudo-pago","status":"publish","type":"post","link":"https:\/\/www.sambiladesportivo.online\/?p=1671","title":{"rendered":"HOJE \u00e9 o \u00faltimo dia para se Candidatar: BOLSAS de ESTUDO na \u00c1frica do Sul com tudo pago"},"content":{"rendered":"\n<h1 class=\"wp-block-heading\"><img decoding=\"async\" alt=\"&#x1f393;\" src=\"https:\/\/s.w.org\/images\/core\/emoji\/17.0.2\/svg\/1f393.svg\">&nbsp;<strong>BOLSAS MANDELA RHODES 2027 \u2013 \u00daLTIMO DIA PARA CANDIDATURAS HOJE!<\/strong><\/h1>\n\n\n\n<p>A prestigiada&nbsp;Mandela Rhodes Foundation&nbsp;informa que&nbsp;<strong>HOJE \u00e9 o \u00daLTIMO DIA<\/strong>&nbsp;para submiss\u00e3o de candidaturas \u00e0&nbsp;<strong>Bolsa Mandela Rhodes 2027<\/strong>, uma das oportunidades mais competitivas e transformadoras para jovens africanos que desejam prosseguir estudos de p\u00f3s-gradua\u00e7\u00e3o na \u00c1frica do Sul.<\/p>\n\n\n\n<p>Inspirada no legado de&nbsp;Nelson Mandela, esta bolsa combina forma\u00e7\u00e3o acad\u00e9mica de excel\u00eancia com um forte programa de desenvolvimento de lideran\u00e7a, criando uma nova gera\u00e7\u00e3o de l\u00edderes africanos com impacto real no continente.<\/p>\n\n\n\n<h2 class=\"wp-block-heading\"><strong>Sobre o Programa<\/strong><\/h2>\n\n\n\n<p>O programa assenta em quatro pilares fundamentais:<\/p>\n\n\n\n<ul class=\"wp-block-list\">\n<li>Lideran\u00e7a<\/li>\n\n\n\n<li>Reconcilia\u00e7\u00e3o<\/li>\n\n\n\n<li>Educa\u00e7\u00e3o<\/li>\n\n\n\n<li>Empreendedorismo<\/li>\n<\/ul>\n\n\n\n<p>Os selecionados participam em workshops intensivos residenciais focados em autoconhecimento, lideran\u00e7a \u00e9tica e impacto social.<\/p>\n\n\n\n<h2 class=\"wp-block-heading\"><strong>Benef\u00edcios da Bolsa<\/strong><\/h2>\n\n\n\n<p>A bolsa \u00e9&nbsp;<strong>100% financiada<\/strong>, incluindo:<\/p>\n\n\n\n<ul class=\"wp-block-list\">\n<li>Propinas e taxas acad\u00e9micas<\/li>\n\n\n\n<li>Alojamento e alimenta\u00e7\u00e3o<\/li>\n\n\n\n<li>Material de estudo e investiga\u00e7\u00e3o<\/li>\n\n\n\n<li>Assist\u00eancia m\u00e9dica<\/li>\n\n\n\n<li>Subs\u00eddio pessoal<\/li>\n\n\n\n<li>Viagens (ida e volta entre o pa\u00eds de origem e a \u00c1frica do Sul)<\/li>\n<\/ul>\n\n\n\n<p><strong>Abrange:<\/strong><\/p>\n\n\n\n<ul class=\"wp-block-list\">\n<li>Licenciatura Honours (1 ano)<\/li>\n\n\n\n<li>Mestrado (at\u00e9 2 anos)<br>em universidades reconhecidas na \u00c1frica do Sul.<\/li>\n<\/ul>\n\n\n\n<h2 class=\"wp-block-heading\"><strong>Requisitos<\/strong><\/h2>\n\n\n\n<p><strong>Os candidatos devem:<\/strong><\/p>\n\n\n\n<ul class=\"wp-block-list\">\n<li>Ser cidad\u00e3os de um pa\u00eds africano<\/li>\n\n\n\n<li>Ter entre 19 e 29 anos<\/li>\n\n\n\n<li>Ter licenciatura conclu\u00edda at\u00e9 1 de janeiro de 2027<\/li>\n\n\n\n<li>Ter desempenho acad\u00e9mico m\u00ednimo de 70%<\/li>\n\n\n\n<li>Dominar a l\u00edngua inglesa ao n\u00edvel de p\u00f3s-gradua\u00e7\u00e3o<\/li>\n<\/ul>\n\n\n\n<h2 class=\"wp-block-heading\"><strong>Perfil Procurado<\/strong><\/h2>\n\n\n\n<p><strong>A bolsa procura jovens com:<\/strong><\/p>\n\n\n\n<ul class=\"wp-block-list\">\n<li>Forte potencial de lideran\u00e7a<\/li>\n\n\n\n<li>Compromisso com justi\u00e7a social e desenvolvimento<\/li>\n\n\n\n<li>Esp\u00edrito inovador e empreendedor<\/li>\n\n\n\n<li>Vontade de transformar a sociedade<\/li>\n\n\n\n<li>Capacidade de crescimento pessoal cont\u00ednuo<\/li>\n<\/ul>\n\n\n\n<h2 class=\"wp-block-heading\"><strong>PRAZO FINAL<\/strong><\/h2>\n\n\n\n<p><strong>CANDIDATURAS ENCERRAM HOJE: 14 de Abril de 2026<\/strong><br>N\u00e3o haver\u00e1 extens\u00e3o do prazo.<\/p>\n\n\n\n<h2 class=\"wp-block-heading\"><strong>&nbsp;CANDIDATURA<\/strong><\/h2>\n\n\n\n<p>Inscreva-se online aqui:<br><a href=\"https:\/\/www.mandelarhodes.org\/scholarship\/apply\/\">https:\/\/www.mandelarhodes.org\/scholarship\/apply\/<\/a><\/p>\n\n\n\n<h2 class=\"wp-block-heading\"><strong>CONCLUS\u00c3O<\/strong><\/h2>\n\n\n\n<p>Esta \u00e9 uma oportunidade \u00fanica para quem deseja estudar numa das bolsas mais prestigiadas de \u00c1frica, desenvolver lideran\u00e7a e contribuir para a transforma\u00e7\u00e3o do continente.<\/p>\n\n\n\n<p><strong>Se ainda n\u00e3o se candidatou, este \u00e9 o momento final. N\u00e3o perca hoje esta chance.<\/strong><\/p>\n\n\n\n<h3 class=\"wp-block-heading\"><strong>FIQUE ATENTO \u00c0S OPORTUNIDADES<\/strong><\/h3>\n\n\n\n<ul class=\"wp-block-list\">\n<li><strong>INSCREVA-SE no Canal Ango Emprego no YouTube<\/strong>\u00a0e receba dicas, alertas e novidades sobre vagas e concursos.<br><a href=\"https:\/\/www.youtube.com\/@AngoEmpregoTV\">CLIQUE AQUI<\/a><\/li>\n\n\n\n<li><strong>SIGA-NOS no WhatsApp<\/strong>\u00a0para receber not\u00edcias e vagas em tempo real.<br><a href=\"https:\/\/whatsapp.com\/channel\/0029Va8Q8WlFnSzE12Q8j02d\">CLIQUE AQUI<\/a><\/li>\n\n\n\n<li><strong>RECEBA MAIS VAGAS no nosso TELEGRAM<\/strong><br><a href=\"https:\/\/t.me\/angoemprego\">https:\/\/t.me\/angoemprego<\/a><\/li>\n\n\n\n<li><strong>SIGA-NOS NO FACEBOOK<\/strong>\u00a0e fique por dentro das novas oportunidades.<br><a href=\"https:\/\/t.me\/angoemprego\">\u00a0CLIQUE AQUI<\/a><\/li>\n<\/ul>\n\n\n\n<p><\/p>\n","protected":false},"excerpt":{"rendered":"<p>&nbsp;BOLSAS MANDELA RHODES 2027 \u2013 \u00daLTIMO DIA PARA CANDIDATURAS HOJE! A prestigiada&nbsp;Mandela Rhodes Foundation&nbsp;informa que&nbsp;HOJE<\/p>\n","protected":false},"author":1,"featured_media":1674,"comment_status":"open","ping_status":"open","sticky":false,"template":"","format":"standard","meta":{"footnotes":""},"categories":[1],"tags":[],"class_list":["post-1671","post","type-post","status-publish","format-standard","has-post-thumbnail","hentry","category-vagas-novas"],"_links":{"self":[{"href":"https:\/\/www.sambiladesportivo.online\/index.php?rest_route=\/wp\/v2\/posts\/1671","targetHints":{"allow":["GET"]}}],"collection":[{"href":"https:\/\/www.sambiladesportivo.online\/index.php?rest_route=\/wp\/v2\/posts"}],"about":[{"href":"https:\/\/www.sambiladesportivo.online\/index.php?rest_route=\/wp\/v2\/types\/post"}],"author":[{"embeddable":true,"href":"https:\/\/www.sambiladesportivo.online\/index.php?rest_route=\/wp\/v2\/users\/1"}],"replies":[{"embeddable":true,"href":"https:\/\/www.sambiladesportivo.online\/index.php?rest_route=%2Fwp%2Fv2%2Fcomments&post=1671"}],"version-history":[{"count":1,"href":"https:\/\/www.sambiladesportivo.online\/index.php?rest_route=\/wp\/v2\/posts\/1671\/revisions"}],"predecessor-version":[{"id":1673,"href":"https:\/\/www.sambiladesportivo.online\/index.php?rest_route=\/wp\/v2\/posts\/1671\/revisions\/1673"}],"wp:featuredmedia":[{"embeddable":true,"href":"https:\/\/www.sambiladesportivo.online\/index.php?rest_route=\/wp\/v2\/media\/1674"}],"wp:attachment":[{"href":"https:\/\/www.sambiladesportivo.online\/index.php?rest_route=%2Fwp%2Fv2%2Fmedia&parent=1671"}],"wp:term":[{"taxonomy":"category","embeddable":true,"href":"https:\/\/www.sambiladesportivo.online\/index.php?rest_route=%2Fwp%2Fv2%2Fcategories&post=1671"},{"taxonomy":"post_tag","embeddable":true,"href":"https:\/\/www.sambiladesportivo.online\/index.php?rest_route=%2Fwp%2Fv2%2Ftags&post=1671"}],"curies":[{"name":"wp","href":"https:\/\/api.w.org\/{rel}","templated":true}]}}