{"id":1690,"date":"2026-05-02T19:03:16","date_gmt":"2026-05-02T19:03:16","guid":{"rendered":"https:\/\/www.sambiladesportivo.online\/?p=1690"},"modified":"2026-05-02T19:03:17","modified_gmt":"2026-05-02T19:03:17","slug":"quim-fasano-oferece-50-bolsas-de-jornalismo-a-juventude-do-moxico","status":"publish","type":"post","link":"https:\/\/www.sambiladesportivo.online\/?p=1690","title":{"rendered":"Quim Fasano oferece 50 bolsas de Jornalismo \u00e0 juventude do Moxico"},"content":{"rendered":"\n<p>O actor angolano&nbsp;Quim Fasano, conhecido do grande p\u00fablico como Chico Caxico, anunciou a atribui\u00e7\u00e3o de&nbsp;<strong>50 bolsas gratuitas<\/strong>&nbsp;para um Curso Intensivo de Jornalismo, destinadas exclusivamente a jovens da prov\u00edncia do&nbsp;Moxico.<\/p>\n\n\n\n<p>A iniciativa surge ap\u00f3s o artista ter sido condecorado no \u00e2mbito das celebra\u00e7\u00f5es dos 50 Anos da Independ\u00eancia Nacional, decidindo transformar o reconhecimento recebido em oportunidade concreta para a juventude. A forma\u00e7\u00e3o decorre de&nbsp;<strong>09 a 25 de Mar\u00e7o<\/strong>&nbsp;e visa capacitar novos talentos na \u00e1rea da comunica\u00e7\u00e3o social.<\/p>\n\n\n\n<p>O projecto \u00e9 desenvolvido em parceria com a&nbsp;Academia de Jornalismo Intensivo, no quadro do programa \u201cTour Formar Jornalistas da Nova Gera\u00e7\u00e3o\u201d. O objectivo passa por preparar jovens nas \u00e1reas de redac\u00e7\u00e3o, apresenta\u00e7\u00e3o de informa\u00e7\u00e3o, reportagem e locu\u00e7\u00e3o radiof\u00f3nica, refor\u00e7ando a presen\u00e7a de novas vozes no panorama medi\u00e1tico nacional.<\/p>\n\n\n\n<p>A orienta\u00e7\u00e3o da forma\u00e7\u00e3o estar\u00e1 a cargo do jornalista&nbsp;Jony Kazuanga, presidente da&nbsp;Associa\u00e7\u00e3o de Jornalistas da Nova Gera\u00e7\u00e3o, que ser\u00e1 respons\u00e1vel por conduzir esta nova fornada de aspirantes a profissionais da comunica\u00e7\u00e3o social.<\/p>\n\n\n\n<p>A realiza\u00e7\u00e3o \u00e9 da&nbsp;MP Produ\u00e7\u00f5es, contando com o apoio institucional do&nbsp;Minist\u00e9rio da Juventude e Desporto, do&nbsp;Governo Provincial do Moxico&nbsp;e do&nbsp;Gabinete Provincial da Juventude e Desporto do Moxico.<\/p>\n\n\n\n<p>As inscri\u00e7\u00f5es est\u00e3o a decorrer nos Gabinetes das Associa\u00e7\u00f5es Juvenis da prov\u00edncia, numa iniciativa que promete dinamizar a juventude local e abrir portas para novas oportunidades no sector da comunica\u00e7\u00e3o social.<\/p>\n\n\n\n<p>Fonte:&nbsp;<a href=\"https:\/\/www.facebook.com\/photo\/?fbid=1390848903082477&amp;set=a.660370466130328\">PLATINALINE<\/a><\/p>\n\n\n\n<h3 class=\"wp-block-heading\"><strong>FIQUE ATENTO \u00c0S OPORTUNIDADES<\/strong><\/h3>\n\n\n\n<ul class=\"wp-block-list\">\n<li><strong>INSCREVA-SE no Canal Ango Emprego no YouTube<\/strong>\u00a0e receba dicas, alertas e novidades sobre vagas e concursos.<br><a href=\"https:\/\/www.youtube.com\/@AngoEmpregoTV\">CLIQUE AQUI<\/a><\/li>\n\n\n\n<li><strong>SIGA-NOS no WhatsApp<\/strong>\u00a0para receber not\u00edcias e vagas em tempo real.<br><\/li>\n\n\n\n<li><strong>RECEBA MAIS VAGAS no nosso TELEGRAM<\/strong><br><a href=\"https:\/\/t.me\/angoemprego\">https:\/\/t.me\/angoemprego<\/a><\/li>\n\n\n\n<li><strong>SIGA-NOS NO FACEBOOK<\/strong>\u00a0e fique por dentro das novas oportunidades.<br><a href=\"https:\/\/t.me\/angoemprego\">\u00a0CLIQUE AQUI<\/a><\/li>\n<\/ul>\n","protected":false},"excerpt":{"rendered":"<p>O actor angolano&nbsp;Quim Fasano, conhecido do grande p\u00fablico como Chico Caxico, anunciou a atribui\u00e7\u00e3o de&nbsp;50<\/p>\n","protected":false},"author":1,"featured_media":1691,"comment_status":"open","ping_status":"open","sticky":false,"template":"","format":"standard","meta":{"footnotes":""},"categories":[1],"tags":[],"class_list":["post-1690","post","type-post","status-publish","format-standard","has-post-thumbnail","hentry","category-vagas-novas"],"_links":{"self":[{"href":"https:\/\/www.sambiladesportivo.online\/index.php?rest_route=\/wp\/v2\/posts\/1690","targetHints":{"allow":["GET"]}}],"collection":[{"href":"https:\/\/www.sambiladesportivo.online\/index.php?rest_route=\/wp\/v2\/posts"}],"about":[{"href":"https:\/\/www.sambiladesportivo.online\/index.php?rest_route=\/wp\/v2\/types\/post"}],"author":[{"embeddable":true,"href":"https:\/\/www.sambiladesportivo.online\/index.php?rest_route=\/wp\/v2\/users\/1"}],"replies":[{"embeddable":true,"href":"https:\/\/www.sambiladesportivo.online\/index.php?rest_route=%2Fwp%2Fv2%2Fcomments&post=1690"}],"version-history":[{"count":1,"href":"https:\/\/www.sambiladesportivo.online\/index.php?rest_route=\/wp\/v2\/posts\/1690\/revisions"}],"predecessor-version":[{"id":1692,"href":"https:\/\/www.sambiladesportivo.online\/index.php?rest_route=\/wp\/v2\/posts\/1690\/revisions\/1692"}],"wp:featuredmedia":[{"embeddable":true,"href":"https:\/\/www.sambiladesportivo.online\/index.php?rest_route=\/wp\/v2\/media\/1691"}],"wp:attachment":[{"href":"https:\/\/www.sambiladesportivo.online\/index.php?rest_route=%2Fwp%2Fv2%2Fmedia&parent=1690"}],"wp:term":[{"taxonomy":"category","embeddable":true,"href":"https:\/\/www.sambiladesportivo.online\/index.php?rest_route=%2Fwp%2Fv2%2Fcategories&post=1690"},{"taxonomy":"post_tag","embeddable":true,"href":"https:\/\/www.sambiladesportivo.online\/index.php?rest_route=%2Fwp%2Fv2%2Ftags&post=1690"}],"curies":[{"name":"wp","href":"https:\/\/api.w.org\/{rel}","templated":true}]}}