{"id":1693,"date":"2026-05-02T19:04:39","date_gmt":"2026-05-02T19:04:39","guid":{"rendered":"https:\/\/www.sambiladesportivo.online\/?p=1693"},"modified":"2026-05-02T19:04:40","modified_gmt":"2026-05-02T19:04:40","slug":"o-instituto-nacional-de-gestao-de-bolsas-de-estudo-inagbe-informa-que-se-encontra-aberto-o-processo-de-candidatura-para-a-atribuicao-de-18-bolsas-de-estudo-internas-no-ambito-do-programa-de-bolsas","status":"publish","type":"post","link":"https:\/\/www.sambiladesportivo.online\/?p=1693","title":{"rendered":"O Instituto Nacional de Gest\u00e3o de Bolsas de Estudo (INAGBE) informa que se encontra aberto o processo de candidatura para a atribui\u00e7\u00e3o de 18 bolsas de estudo internas, no \u00e2mbito do Programa de Bolsas de Estudo da Coopera\u00e7\u00e3o Portugal\u2013Angola, concedidas pelo Cam\u00f5es \u2013 Instituto da Coopera\u00e7\u00e3o e da L\u00edngua, I.P. (CICL), para o ano acad\u00e9mico 2025-2026."},"content":{"rendered":"\n<h3 class=\"wp-block-heading\"><strong>Bolsas dispon\u00edveis<\/strong><\/h3>\n\n\n\n<ul class=\"wp-block-list\">\n<li><strong>N\u00edvel de Licenciatura<\/strong><\/li>\n<\/ul>\n\n\n\n<h3 class=\"wp-block-heading\"><strong>\u00c1reas priorit\u00e1rias de forma\u00e7\u00e3o:<\/strong><\/h3>\n\n\n\n<ul class=\"wp-block-list\">\n<li>Ci\u00eancias da Sa\u00fade<\/li>\n\n\n\n<li>Engenharias<\/li>\n\n\n\n<li>Matem\u00e1tica<\/li>\n\n\n\n<li>Tecnologias<\/li>\n<\/ul>\n\n\n\n<h3 class=\"wp-block-heading\"><strong>Requisitos para candidatura<\/strong><\/h3>\n\n\n\n<ul class=\"wp-block-list\">\n<li>Nacionalidade angolana;<\/li>\n\n\n\n<li>Estudante de ensino superior em Angola, em institui\u00e7\u00e3o p\u00fablica ou privada reconhecida pelo Estado;<\/li>\n\n\n\n<li>Idade inferior a 25 anos;<\/li>\n\n\n\n<li>M\u00e9dia geral m\u00ednima de 14 valores no ano anterior;<\/li>\n\n\n\n<li>N\u00e3o ser benefici\u00e1rio de outra bolsa;<\/li>\n\n\n\n<li>Situa\u00e7\u00e3o econ\u00f3mica carenciada, devidamente comprovada.<\/li>\n<\/ul>\n\n\n\n<h3 class=\"wp-block-heading\"><strong>Crit\u00e9rios de sele\u00e7\u00e3o<\/strong><\/h3>\n\n\n\n<ul class=\"wp-block-list\">\n<li>M\u00e9rito acad\u00e9mico e igualdade de g\u00e9nero;<\/li>\n\n\n\n<li>Potencial intelectual e cognitivo demonstrado atrav\u00e9s de resultados acad\u00e9micos e entrevista;<\/li>\n\n\n\n<li>Idade mais baixa entre candidatos em igualdade de circunst\u00e2ncias;<\/li>\n\n\n\n<li>Cumprimento de todas as exig\u00eancias do edital.<\/li>\n<\/ul>\n\n\n\n<h3 class=\"wp-block-heading\"><strong>Documenta\u00e7\u00e3o necess\u00e1ria (1\u00aa Fase)<\/strong><\/h3>\n\n\n\n<ul class=\"wp-block-list\">\n<li>Boletim de candidatura Cam\u00f5es, I.P., preenchido e assinado;<\/li>\n\n\n\n<li>C\u00f3pia do Bilhete de Identidade v\u00e1lido;<\/li>\n\n\n\n<li>Certificado de Habilita\u00e7\u00f5es do \u00faltimo ano, com notas detalhadas;<\/li>\n\n\n\n<li>Declara\u00e7\u00e3o de frequ\u00eancia 2025\/2026;<\/li>\n\n\n\n<li>Declara\u00e7\u00e3o de notas discriminadas 2024-2025 (quando aplic\u00e1vel);<\/li>\n\n\n\n<li>Comprovativo de situa\u00e7\u00e3o econ\u00f3mica carenciada;<\/li>\n\n\n\n<li>Declara\u00e7\u00e3o de robustez f\u00edsica (atestado m\u00e9dico);<\/li>\n\n\n\n<li>Declara\u00e7\u00e3o de honra de n\u00e3o usufruto de outra bolsa.<\/li>\n<\/ul>\n\n\n\n<blockquote class=\"wp-block-quote is-layout-flow wp-block-quote-is-layout-flow\">\n<p>O acesso ao boletim de candidatura e declara\u00e7\u00e3o de compromisso \u00e9 feito atrav\u00e9s do site do INAGBE. Os candidatos pr\u00e9-selecionados dever\u00e3o enviar os documentos digitalmente e entregar os originais ao INAGBE em at\u00e9 3 dias \u00fateis ap\u00f3s notifica\u00e7\u00e3o.<\/p>\n<\/blockquote>\n\n\n\n<h3 class=\"wp-block-heading\"><strong>Calend\u00e1rio do concurso \u2013 Licenciatura<\/strong><\/h3>\n\n\n\n<figure class=\"wp-block-table\"><table class=\"has-fixed-layout\"><thead><tr><th class=\"has-text-align-center\" data-align=\"center\">N\u00ba<\/th><th class=\"has-text-align-center\" data-align=\"center\">Etapa<\/th><th class=\"has-text-align-center\" data-align=\"center\">Data<\/th><\/tr><\/thead><tbody><tr><td class=\"has-text-align-center\" data-align=\"center\">1<\/td><td class=\"has-text-align-center\" data-align=\"center\">Lan\u00e7amento do concurso<\/td><td class=\"has-text-align-center\" data-align=\"center\">13\/02\/2026<\/td><\/tr><tr><td class=\"has-text-align-center\" data-align=\"center\">2<\/td><td class=\"has-text-align-center\" data-align=\"center\">Per\u00edodo de candidatura<\/td><td class=\"has-text-align-center\" data-align=\"center\">13\/02\/2026 a 23\/02\/2026<\/td><\/tr><tr><td class=\"has-text-align-center\" data-align=\"center\">3<\/td><td class=\"has-text-align-center\" data-align=\"center\">Informa\u00e7\u00e3o aos candidatos admitidos \u00e0 entrevista<\/td><td class=\"has-text-align-center\" data-align=\"center\">04\/03\/2026<\/td><\/tr><tr><td class=\"has-text-align-center\" data-align=\"center\">4<\/td><td class=\"has-text-align-center\" data-align=\"center\">Realiza\u00e7\u00e3o das entrevistas<\/td><td class=\"has-text-align-center\" data-align=\"center\">05\/03\/2026<\/td><\/tr><tr><td class=\"has-text-align-center\" data-align=\"center\">5<\/td><td class=\"has-text-align-center\" data-align=\"center\">Divulga\u00e7\u00e3o dos resultados da pr\u00e9-sele\u00e7\u00e3o<\/td><td class=\"has-text-align-center\" data-align=\"center\">10\/03\/2026<\/td><\/tr><\/tbody><\/table><\/figure>\n\n\n\n<p><strong>Per\u00edodo de candidatura<\/strong><\/p>\n\n\n\n<p>As candidaturas decorrem de&nbsp;<strong>13 a 23 de Fevereiro de 2026<\/strong>, devendo ser submetidas at\u00e9 \u00e0s&nbsp;<strong>23h59<\/strong>&nbsp;do dia 23 de Fevereiro atrav\u00e9s do site oficial do INAGBE:&nbsp;<a href=\"http:\/\/www.inagbe.gov.ao\/\">www.inagbe.gov.ao<\/a>.<\/p>\n\n\n\n<p><\/p>\n\n\n\n<h4 class=\"wp-block-heading\"><strong>&nbsp;FIQUE ATENTO \u00c0S OPORTUNIDADES<\/strong><\/h4>\n\n\n\n<ul class=\"wp-block-list\">\n<li><strong>INSCREVA-SE no Canal Ango Emprego no YouTube<\/strong>\u00a0e receba dicas, alertas e novidades sobre vagas e concursos.<br><a href=\"https:\/\/www.youtube.com\/@AngoEmpregoTV\">CLIQUE AQUI<\/a><\/li>\n\n\n\n<li><strong>SIGA-NOS no WhatsApp<\/strong>\u00a0para receber not\u00edcias e vagas em tempo real.<br><a href=\"https:\/\/whatsapp.com\/channel\/0029Va8Q8WlFnSzE12Q8j02d\">CLIQUE AQUI<\/a><\/li>\n\n\n\n<li><strong>RECEBA MAIS VAGAS no nosso TELEGRAM<\/strong><br><a href=\"https:\/\/t.me\/angoemprego\">https:\/\/t.me\/angoemprego<\/a><\/li>\n\n\n\n<li><strong>SIGA-NOS NO FACEBOOK<\/strong>\u00a0e fique por dentro das novas oportunidades.<br><a href=\"https:\/\/t.me\/angoemprego\">\u00a0CLIQUE AQUI<\/a><\/li>\n<\/ul>\n","protected":false},"excerpt":{"rendered":"<p>Bolsas dispon\u00edveis \u00c1reas priorit\u00e1rias de forma\u00e7\u00e3o: Requisitos para candidatura Crit\u00e9rios de sele\u00e7\u00e3o Documenta\u00e7\u00e3o necess\u00e1ria (1\u00aa<\/p>\n","protected":false},"author":1,"featured_media":1694,"comment_status":"open","ping_status":"open","sticky":false,"template":"","format":"standard","meta":{"footnotes":""},"categories":[1],"tags":[],"class_list":["post-1693","post","type-post","status-publish","format-standard","has-post-thumbnail","hentry","category-vagas-novas"],"_links":{"self":[{"href":"https:\/\/www.sambiladesportivo.online\/index.php?rest_route=\/wp\/v2\/posts\/1693","targetHints":{"allow":["GET"]}}],"collection":[{"href":"https:\/\/www.sambiladesportivo.online\/index.php?rest_route=\/wp\/v2\/posts"}],"about":[{"href":"https:\/\/www.sambiladesportivo.online\/index.php?rest_route=\/wp\/v2\/types\/post"}],"author":[{"embeddable":true,"href":"https:\/\/www.sambiladesportivo.online\/index.php?rest_route=\/wp\/v2\/users\/1"}],"replies":[{"embeddable":true,"href":"https:\/\/www.sambiladesportivo.online\/index.php?rest_route=%2Fwp%2Fv2%2Fcomments&post=1693"}],"version-history":[{"count":1,"href":"https:\/\/www.sambiladesportivo.online\/index.php?rest_route=\/wp\/v2\/posts\/1693\/revisions"}],"predecessor-version":[{"id":1695,"href":"https:\/\/www.sambiladesportivo.online\/index.php?rest_route=\/wp\/v2\/posts\/1693\/revisions\/1695"}],"wp:featuredmedia":[{"embeddable":true,"href":"https:\/\/www.sambiladesportivo.online\/index.php?rest_route=\/wp\/v2\/media\/1694"}],"wp:attachment":[{"href":"https:\/\/www.sambiladesportivo.online\/index.php?rest_route=%2Fwp%2Fv2%2Fmedia&parent=1693"}],"wp:term":[{"taxonomy":"category","embeddable":true,"href":"https:\/\/www.sambiladesportivo.online\/index.php?rest_route=%2Fwp%2Fv2%2Fcategories&post=1693"},{"taxonomy":"post_tag","embeddable":true,"href":"https:\/\/www.sambiladesportivo.online\/index.php?rest_route=%2Fwp%2Fv2%2Ftags&post=1693"}],"curies":[{"name":"wp","href":"https:\/\/api.w.org\/{rel}","templated":true}]}}