{"id":1700,"date":"2026-05-02T19:10:38","date_gmt":"2026-05-02T19:10:38","guid":{"rendered":"https:\/\/www.sambiladesportivo.online\/?p=1700"},"modified":"2026-05-02T19:10:39","modified_gmt":"2026-05-02T19:10:39","slug":"vaga-para-gestor-de-projectos","status":"publish","type":"post","link":"https:\/\/www.sambiladesportivo.online\/?p=1700","title":{"rendered":"Vaga Para Gestor de Projectos"},"content":{"rendered":"\n<h3 class=\"wp-block-heading\"><strong>&nbsp;VAGAS DE EMPREGO MOZ<\/strong><\/h3>\n\n\n\n<p>As melhores oportunidades s\u00e3o preenchidas rapidamente.<br><strong>Receba vagas antes de todo mundo gr\u00e1tis e em tempo real.<\/strong><\/p>\n\n\n\n<p><a href=\"https:\/\/whatsapp.com\/channel\/0029VaCaH8pATRSpagFHan1O\" target=\"_blank\" rel=\"noreferrer noopener\">&nbsp;Canal WhatsApp<\/a><a href=\"https:\/\/t.me\/vagasmoz\" target=\"_blank\" rel=\"noreferrer noopener\">&nbsp;Grupo Telegram<\/a><\/p>\n\n\n\n<ul class=\"wp-block-list\">\n<li>Tempo Inteiro<\/li>\n\n\n\n<li><a href=\"https:\/\/maps.google.com\/maps?q=Lichinga&amp;zoom=14&amp;size=512x512&amp;maptype=roadmap&amp;sensor=false\" target=\"_blank\" rel=\"noreferrer noopener\">Lichinga<\/a><\/li>\n\n\n\n<li>Publicado 3 meses atr\u00e1s<\/li>\n<\/ul>\n\n\n\n<p><img decoding=\"async\" src=\"https:\/\/vagasmoz.com\/wp-content\/plugins\/wp-job-manager\/assets\/images\/company.png\" alt=\"ADEL CD\"><\/p>\n\n\n\n<p><strong>ADEL CD<\/strong><\/p>\n\n\n\n<h2 class=\"wp-block-heading\">Vaga:&nbsp;<strong>Gestor de Projectos<\/strong><\/h2>\n\n\n\n<p><strong>Local:<\/strong>&nbsp;Lichinga \u2013 Prov\u00edncia de Niassa<br><strong>Organiza\u00e7\u00e3o:<\/strong>&nbsp;Ag\u00eancia de Desenvolvimento Econ\u00f3mico Local de Cabo Delgado&nbsp;(ADEL CD)<\/p>\n\n\n\n<h3 class=\"wp-block-heading\"><\/h3>\n\n\n\n<h3 class=\"wp-block-heading\">Sobre a organiza\u00e7\u00e3o<\/h3>\n\n\n\n<p>A ADEL CD \u00e9 uma organiza\u00e7\u00e3o sem fins lucrativos com 17 anos de experi\u00eancia na implementa\u00e7\u00e3o de projetos de desenvolvimento, emerg\u00eancia e humanit\u00e1rios no norte de Mo\u00e7ambique.<br>Vai implementar, em parceria com o governo e outros parceiros, um novo projeto nos distritos de Lichinga, Cuamba, Ngauma, Mandimba e Mecanh\u00e9las.<\/p>\n\n\n\n<p>O projeto visa:<\/p>\n\n\n\n<ul class=\"wp-block-list\">\n<li>Fortalecer a resili\u00eancia econ\u00f3mica<\/li>\n\n\n\n<li>Melhorar a seguran\u00e7a alimentar<\/li>\n\n\n\n<li>Promover gera\u00e7\u00e3o de renda e inclus\u00e3o social de fam\u00edlias vulner\u00e1veis<\/li>\n\n\n\n<li>Implementar atividades como transfer\u00eancias monet\u00e1rias \u00e0s fam\u00edlias e programas de trabalhos comunit\u00e1rios<\/li>\n<\/ul>\n\n\n\n<h3 class=\"wp-block-heading\"><\/h3>\n\n\n\n<h3 class=\"wp-block-heading\">Fun\u00e7\u00f5es \/ Responsabilidades<\/h3>\n\n\n\n<ul class=\"wp-block-list\">\n<li>Liderar a planifica\u00e7\u00e3o, implementa\u00e7\u00e3o e monitoria geral do projeto<\/li>\n\n\n\n<li>Garantir que os objetivos sejam alcan\u00e7ados dentro do prazo e or\u00e7amento<\/li>\n\n\n\n<li>Gerir a equipa do projeto e assegurar boa coordena\u00e7\u00e3o e ambiente de trabalho<\/li>\n\n\n\n<li>Representar a ADEL CD junto do governo, parceiros e outras partes interessadas<\/li>\n\n\n\n<li>Elaborar relat\u00f3rios t\u00e9cnicos e financeiros peri\u00f3dicos para a dire\u00e7\u00e3o e doadores<\/li>\n<\/ul>\n\n\n\n<h3 class=\"wp-block-heading\"><\/h3>\n\n\n\n<h3 class=\"wp-block-heading\">Requisitos<\/h3>\n\n\n\n<ul class=\"wp-block-list\">\n<li>Licenciatura em Gest\u00e3o de Projectos, Desenvolvimento Comunit\u00e1rio, Ci\u00eancias Sociais ou \u00e1rea afim<\/li>\n\n\n\n<li>M\u00ednimo de 5 anos de experi\u00eancia comprovada em gest\u00e3o de projetos de desenvolvimento ou humanit\u00e1rios<\/li>\n\n\n\n<li>Fortes habilidades de lideran\u00e7a, comunica\u00e7\u00e3o e negocia\u00e7\u00e3o<\/li>\n\n\n\n<li>Dom\u00ednio do Portugu\u00eas, Ingl\u00eas e conhecimento de l\u00ednguas locais \u00e9 uma vantagem<\/li>\n\n\n\n<li>Experi\u00eancia de trabalho na prov\u00edncia de Niassa \u00e9 preferencial<\/li>\n<\/ul>\n\n\n\n<h3 class=\"wp-block-heading\"><\/h3>\n\n\n\n<h3 class=\"wp-block-heading\">Como candidatar-se<\/h3>\n\n\n\n<p>Enviar:<\/p>\n\n\n\n<ul class=\"wp-block-list\">\n<li>Carta de Manifesta\u00e7\u00e3o de Interesse<\/li>\n\n\n\n<li>Curriculum Vitae<\/li>\n\n\n\n<li>Certificado de Habilita\u00e7\u00f5es<\/li>\n\n\n\n<li>Carta(s) de refer\u00eancia de empregos anteriores<\/li>\n<\/ul>\n\n\n\n<p>Para:&nbsp;<strong><a>recursos.humanos@adel-cd.org.mz<\/a><\/strong><br>Assunto do email:&nbsp;<strong>\u201cGestor de Projectos\u201d<\/strong><\/p>\n","protected":false},"excerpt":{"rendered":"<p>&nbsp;VAGAS DE EMPREGO MOZ As melhores oportunidades s\u00e3o preenchidas rapidamente.Receba vagas antes de todo mundo<\/p>\n","protected":false},"author":1,"featured_media":1701,"comment_status":"open","ping_status":"open","sticky":false,"template":"","format":"standard","meta":{"footnotes":""},"categories":[1],"tags":[],"class_list":["post-1700","post","type-post","status-publish","format-standard","has-post-thumbnail","hentry","category-vagas-novas"],"_links":{"self":[{"href":"https:\/\/www.sambiladesportivo.online\/index.php?rest_route=\/wp\/v2\/posts\/1700","targetHints":{"allow":["GET"]}}],"collection":[{"href":"https:\/\/www.sambiladesportivo.online\/index.php?rest_route=\/wp\/v2\/posts"}],"about":[{"href":"https:\/\/www.sambiladesportivo.online\/index.php?rest_route=\/wp\/v2\/types\/post"}],"author":[{"embeddable":true,"href":"https:\/\/www.sambiladesportivo.online\/index.php?rest_route=\/wp\/v2\/users\/1"}],"replies":[{"embeddable":true,"href":"https:\/\/www.sambiladesportivo.online\/index.php?rest_route=%2Fwp%2Fv2%2Fcomments&post=1700"}],"version-history":[{"count":1,"href":"https:\/\/www.sambiladesportivo.online\/index.php?rest_route=\/wp\/v2\/posts\/1700\/revisions"}],"predecessor-version":[{"id":1702,"href":"https:\/\/www.sambiladesportivo.online\/index.php?rest_route=\/wp\/v2\/posts\/1700\/revisions\/1702"}],"wp:featuredmedia":[{"embeddable":true,"href":"https:\/\/www.sambiladesportivo.online\/index.php?rest_route=\/wp\/v2\/media\/1701"}],"wp:attachment":[{"href":"https:\/\/www.sambiladesportivo.online\/index.php?rest_route=%2Fwp%2Fv2%2Fmedia&parent=1700"}],"wp:term":[{"taxonomy":"category","embeddable":true,"href":"https:\/\/www.sambiladesportivo.online\/index.php?rest_route=%2Fwp%2Fv2%2Fcategories&post=1700"},{"taxonomy":"post_tag","embeddable":true,"href":"https:\/\/www.sambiladesportivo.online\/index.php?rest_route=%2Fwp%2Fv2%2Ftags&post=1700"}],"curies":[{"name":"wp","href":"https:\/\/api.w.org\/{rel}","templated":true}]}}