{"id":1712,"date":"2026-05-02T19:21:01","date_gmt":"2026-05-02T19:21:01","guid":{"rendered":"https:\/\/www.sambiladesportivo.online\/?p=1712"},"modified":"2026-05-02T19:21:02","modified_gmt":"2026-05-02T19:21:02","slug":"vagas-para-11-tecnicos-superiores-em-diferentes-areas-m-f","status":"publish","type":"post","link":"https:\/\/www.sambiladesportivo.online\/?p=1712","title":{"rendered":"Vagas Para (11) T\u00e9cnicos Superiores Em Diferentes \u00c1reas (m\/f)"},"content":{"rendered":"\n<h3 class=\"wp-block-heading\"><strong>&nbsp;VAGAS DE EMPREGO MOZ<\/strong><\/h3>\n\n\n\n<p>As melhores oportunidades s\u00e3o preenchidas rapidamente.<br><strong>Receba vagas antes de todo mundo gr\u00e1tis e em tempo real.<\/strong><\/p>\n\n\n\n<p><a href=\"https:\/\/whatsapp.com\/channel\/0029VaCaH8pATRSpagFHan1O\" target=\"_blank\" rel=\"noreferrer noopener\">&nbsp;Canal WhatsApp<\/a><a href=\"https:\/\/t.me\/vagasmoz\" target=\"_blank\" rel=\"noreferrer noopener\">&nbsp;Grupo Telegram<\/a><\/p>\n\n\n\n<ul class=\"wp-block-list\">\n<li>Tempo Inteiro<\/li>\n\n\n\n<li><a href=\"https:\/\/maps.google.com\/maps?q=Maputo&amp;zoom=14&amp;size=512x512&amp;maptype=roadmap&amp;sensor=false\" target=\"_blank\" rel=\"noreferrer noopener\">Maputo<\/a><\/li>\n\n\n\n<li>Publicado 3 anos atr\u00e1s<\/li>\n<\/ul>\n\n\n\n<p><\/p>\n\n\n\n<p><strong>CONSELHO CONSTITUCIONAL<\/strong><\/p>\n\n\n\n<h4 class=\"wp-block-heading\"><strong>Rep\u00fablica de Mo\u00e7ambique<\/strong><\/h4>\n\n\n\n<h4 class=\"wp-block-heading\"><strong>CONSELHO CONSTITUCIONAL<\/strong><\/h4>\n\n\n\n<h4 class=\"wp-block-heading\"><strong>Aviso<\/strong><\/h4>\n\n\n\n<h3 class=\"wp-block-heading\"><strong>Veja isso:<\/strong><\/h3>\n\n\n\n<ul class=\"wp-block-list\">\n<li><a href=\"https:\/\/vagasmoz.com\/vaga\/a-empresa-manmart-abre-20-vagas-em-diferentes-areas\/\">A Empresa MANMART Abre (20) Vagas Em Diferentes \u00c1reas<\/a><\/li>\n\n\n\n<li><a href=\"https:\/\/tudo.vagasmoz.com\/2023\/08\/29\/como-conseguir-uma-vaga-de-emprego-sem-ter-nenhuma-experiencia\/\">Como Conseguir Uma Vaga de Emprego Sem Ter Nenhuma Experi\u00eancia<\/a><\/li>\n\n\n\n<li><a href=\"https:\/\/tudo.vagasmoz.com\/2023\/08\/29\/concurso-publico-de-ingresso-para-o-provimento-de-82-vagas-de-emprego\/\">Concurso P\u00fablico de Ingresso Para o Provimento de (82 VAGAS DE EMPREGO)<\/a><\/li>\n\n\n\n<li><a href=\"https:\/\/tudo.vagasmoz.com\/2023\/06\/14\/concurso-publico-10-vagas-abertas-no-aparelho-do-estado\/\">Concurso P\u00fablico: 10 Vagas Abertas no Aparelho do Estado<\/a><\/li>\n\n\n\n<li><a href=\"https:\/\/tudo.vagasmoz.com\/2023\/06\/09\/a-unitrans-mocambique-lda-abre-96-vagas-para-varias-areas\/\">A Unitrans Mo\u00e7ambique LDA Abre (96) Vagas Para Varias \u00e1reas<\/a><\/li>\n\n\n\n<li><a href=\"https:\/\/tudo.vagasmoz.com\/2023\/06\/07\/concurso-publico-17-vagas-abertas-no-aparelho-do-estado\/\">Concurso P\u00fablico: 17 Vagas Abertas no Aparelho do Estado<\/a><\/li>\n\n\n\n<li><a href=\"https:\/\/tudo.vagasmoz.com\/2023\/06\/07\/concurso-publico-11-vagas-abertas-no-aparelho-do-estado-2\/\">Concurso P\u00fablico: 11 Vagas Abertas no Aparelho do Estado<\/a><\/li>\n\n\n\n<li><a href=\"https:\/\/tudo.vagasmoz.com\/2023\/06\/01\/a-world-vision-mocambique-abre-45-vagas-para-varias-areas\/\">A World Vision-Mo\u00e7ambique Abre 45 Vagas Para V\u00e1rias \u00c1reas<\/a><\/li>\n<\/ul>\n\n\n\n<p>De acordo com o despacho de Sua Excel\u00eancia Veneranda Presidente do Conselho Constitucional, de 22 de Agosto de 2023, est\u00e1 aberto um concurso de ingresso, para cidad\u00e3os nacionais, para preenchimento do Quadro de Pessoal do Conselho Constitucional, pelo prazo de 30 dias, a contar da data da publica\u00e7\u00e3o do presente Aviso.<\/p>\n\n\n\n<p>A selec\u00e7\u00e3o dos candidatos ser\u00e1 feita atrav\u00e9s de avalia\u00e7\u00e3o curricular seguida de entrevista profissional.<\/p>\n\n\n\n<p>Para as Carreiras abaixo indicadas \u00e9<br>exigido que os candidatos tenham o<br>n\u00edvel de licenciatura, nas respectivas<br>\u00e1reas para as quais se candidatam.<\/p>\n\n\n\n<ul class=\"wp-block-list\">\n<li>T\u00e9cnico Superior de Administra\u00e7\u00e3o P\u00fablica N1 \u2013 n\u00ba de Vagas (1)<\/li>\n\n\n\n<li>T\u00e9cnico Superior N1 (Revisor Lingu\u00edstico) \u2013 n\u00ba de Vagas (1)<\/li>\n\n\n\n<li>T\u00e9cnico Superior N1 \u2013 Jurista -n.\u00b0 de Vagas (2)<\/li>\n\n\n\n<li>1 (um) para \u00e1rea dos Recursos Humanos<\/li>\n\n\n\n<li>1 (um) para \u00e1rea de Controlo Interno<br>T\u00e9cnico Superior de Tecnologia de Informa\u00e7\u00e3o e Comunica\u00e7\u00e3o \u2013 n.\u00b0 de Vagas (2)<\/li>\n\n\n\n<li>1(um) Administrador de Redes<\/li>\n\n\n\n<li>1 (um) Gestor de Base de Dados<br>T\u00e9cnico Superior N1 (Contabilidade e Auditoria) \u2013 n\u00b0 de Vagas (1)<\/li>\n<\/ul>\n\n\n\n<p>Os interessados dever\u00e3o solicitar a admiss\u00e3o ao concurso, atrav\u00e9s de requerimento com a assinatura reconhecida, dirigido \u00e0<br>Veneranda Ju\u00edza Presidente do Conselho<br>Constitucional, acompanhado dos seguintes documentos, exigidos para a primeira fase do concurso:<\/p>\n\n\n\n<ul class=\"wp-block-list\">\n<li>Certid\u00e3o de nascimento ou Fotoc\u00f3pia do Bilhete de\u00a0Identidade, autenticada;<\/li>\n\n\n\n<li>Fotoc\u00f3pia Autenticada do Certificado das Habilita\u00e7\u00f5es Liter\u00e1rias;<\/li>\n\n\n\n<li>Declara\u00e7\u00e3o de Compromisso de Honra confirmando n\u00e3o ter sido aposentado, devidamente autenticada;<\/li>\n\n\n\n<li>Curriculum Vitae detalhado.<\/li>\n<\/ul>\n\n\n\n<p>O requerimento de pedido de admiss\u00e3o ao concurso deve dar entrada na secretaria do Conselho Constitucional, sito na Rua Mateus Sans\u00e3o Muthemba, n.\u00b0 493- Maputo, at\u00e9 30 dias, contados da data da publica\u00e7\u00e3o do presente Aviso.<\/p>\n\n\n\n<p>Maputo, aos 22 de Agosto de 2023<\/p>\n\n\n\n<p><strong>Validade:<\/strong>&nbsp;21 de Setembro de 2023<\/p>\n","protected":false},"excerpt":{"rendered":"<p>&nbsp;VAGAS DE EMPREGO MOZ As melhores oportunidades s\u00e3o preenchidas rapidamente.Receba vagas antes de todo mundo<\/p>\n","protected":false},"author":1,"featured_media":1713,"comment_status":"open","ping_status":"open","sticky":false,"template":"","format":"standard","meta":{"footnotes":""},"categories":[1],"tags":[],"class_list":["post-1712","post","type-post","status-publish","format-standard","has-post-thumbnail","hentry","category-vagas-novas"],"_links":{"self":[{"href":"https:\/\/www.sambiladesportivo.online\/index.php?rest_route=\/wp\/v2\/posts\/1712","targetHints":{"allow":["GET"]}}],"collection":[{"href":"https:\/\/www.sambiladesportivo.online\/index.php?rest_route=\/wp\/v2\/posts"}],"about":[{"href":"https:\/\/www.sambiladesportivo.online\/index.php?rest_route=\/wp\/v2\/types\/post"}],"author":[{"embeddable":true,"href":"https:\/\/www.sambiladesportivo.online\/index.php?rest_route=\/wp\/v2\/users\/1"}],"replies":[{"embeddable":true,"href":"https:\/\/www.sambiladesportivo.online\/index.php?rest_route=%2Fwp%2Fv2%2Fcomments&post=1712"}],"version-history":[{"count":1,"href":"https:\/\/www.sambiladesportivo.online\/index.php?rest_route=\/wp\/v2\/posts\/1712\/revisions"}],"predecessor-version":[{"id":1714,"href":"https:\/\/www.sambiladesportivo.online\/index.php?rest_route=\/wp\/v2\/posts\/1712\/revisions\/1714"}],"wp:featuredmedia":[{"embeddable":true,"href":"https:\/\/www.sambiladesportivo.online\/index.php?rest_route=\/wp\/v2\/media\/1713"}],"wp:attachment":[{"href":"https:\/\/www.sambiladesportivo.online\/index.php?rest_route=%2Fwp%2Fv2%2Fmedia&parent=1712"}],"wp:term":[{"taxonomy":"category","embeddable":true,"href":"https:\/\/www.sambiladesportivo.online\/index.php?rest_route=%2Fwp%2Fv2%2Fcategories&post=1712"},{"taxonomy":"post_tag","embeddable":true,"href":"https:\/\/www.sambiladesportivo.online\/index.php?rest_route=%2Fwp%2Fv2%2Ftags&post=1712"}],"curies":[{"name":"wp","href":"https:\/\/api.w.org\/{rel}","templated":true}]}}